{"id":1822,"date":"2026-08-31T19:20:54","date_gmt":"2026-08-31T18:20:54","guid":{"rendered":"https:\/\/automobilklub.opole.pl\/newsite\/?p=1822"},"modified":"2026-08-31T19:37:55","modified_gmt":"2026-08-31T18:37:55","slug":"57-rajd-festiwalowy-wyjasnienie","status":"publish","type":"post","link":"https:\/\/automobilklub.opole.pl\/newsite\/57-rajd-festiwalowy-wyjasnienie\/","title":{"rendered":"57. Rajd Festiwalowy &#8211; wyja\u015bnienie"},"content":{"rendered":"\n<p>57. Rajd Festiwalowy przeszed\u0142 do historii i w pierwszej kolejno\u015bci chcieliby\u015bmy bardzo podzi\u0119kowa\u0107 za udzia\u0142 w imprezie oraz za obserwowanie i \u015bledzenie zmaga\u0144 Uczestnik\u00f3w, a tak\u017ce wszystkim osobom i instytucjom, kt\u00f3re pomog\u0142y przy organizacji 57. edycji najstarszego rajdu samochodowego na Opolszczy\u017anie.<\/p>\n\n\n\n<p>W tym miejscu jeste\u015bmy winni wyja\u015bni\u0107 jedn\u0105 istotn\u0105 rzecz. Wyniki ko\u0144cowe 57. Rajdu Festiwalowego opublikowane w dniu imprezy by\u0142y nieprawid\u0142owe. Wynika\u0142o to z b\u0142\u0119du technicznego polegaj\u0105cego na nieposortowaniu wynik\u00f3w po odj\u0119ciu kar za jeden z punkt\u00f3w kontroli czasu.<\/p>\n\n\n\n<p>OKSS przy ZO PZM w Opolu, po otrzymaniu zg\u0142oszenia dotycz\u0105cego wynik\u00f3w ko\u0144cowych tej imprezy, zweryfikowa\u0142a klasyfikacj\u0119 ko\u0144cow\u0105 57. Rajdu Festiwalowego, do kt\u00f3rej link znajduje si\u0119 pod tym o\u015bwiadczeniem. Najbardziej zainteresowani spraw\u0105 Uczestnicy jako pierwsi otrzymali informacj\u0119 o korekcie wynik\u00f3w.<\/p>\n\n\n\n<p>Z tego miejsca chcemy bardzo mocno przeprosi\u0107 wszystkich zainteresowanych za powsta\u0142e zamieszanie.<\/p>\n\n\n\n<p>Do zobaczenia za rok, podczas 58. Rajdu Festiwalowego, oraz podczas kolejnych imprez organizowanych przez Automobilklub Opolski!<\/p>\n\n\n\n<p><a href=\"https:\/\/automobilklub.opole.pl\/wp-content\/uploads\/2026\/07\/Klasyfikacja-koncowa-57.-Rajd-Festiwalowy-2026.pdf\" target=\"blank\">Klasyfikacja ko\u0144cowa 57. Rajdu Festiwalowego<\/a><\/p>\n\n\n\n<p><a href=\"https:\/\/automobilklub.opole.pl\/wp-content\/uploads\/2026\/08\/Klasyfikacja-KRO-2026-po-2.-rundzie.pdf\" target=\"blank\">Klasyfikacja KRO 2026 po dw\u00f3ch rundach<\/a><\/p>\n","protected":false},"excerpt":{"rendered":"<p>Zapraszamy do zapoznania si\u0119 z wyja\u015bnieniami dotycz\u0105cymi klasyfikacji ko\u0144cowej 57. Rajdu Festiwalowego.<\/p>\n","protected":false},"author":2,"featured_media":1750,"comment_status":"closed","ping_status":"closed","sticky":false,"template":"","format":"standard","meta":{"footnotes":""},"categories":[15,17,14],"tags":[],"class_list":["post-1822","post","type-post","status-publish","format-standard","has-post-thumbnail","hentry","category-klub","category-kro","category-rajd-festiwalowy"],"_links":{"self":[{"href":"https:\/\/automobilklub.opole.pl\/newsite\/wp-json\/wp\/v2\/posts\/1822","targetHints":{"allow":["GET"]}}],"collection":[{"href":"https:\/\/automobilklub.opole.pl\/newsite\/wp-json\/wp\/v2\/posts"}],"about":[{"href":"https:\/\/automobilklub.opole.pl\/newsite\/wp-json\/wp\/v2\/types\/post"}],"author":[{"embeddable":true,"href":"https:\/\/automobilklub.opole.pl\/newsite\/wp-json\/wp\/v2\/users\/2"}],"replies":[{"embeddable":true,"href":"https:\/\/automobilklub.opole.pl\/newsite\/wp-json\/wp\/v2\/comments?post=1822"}],"version-history":[{"count":2,"href":"https:\/\/automobilklub.opole.pl\/newsite\/wp-json\/wp\/v2\/posts\/1822\/revisions"}],"predecessor-version":[{"id":1826,"href":"https:\/\/automobilklub.opole.pl\/newsite\/wp-json\/wp\/v2\/posts\/1822\/revisions\/1826"}],"wp:featuredmedia":[{"embeddable":true,"href":"https:\/\/automobilklub.opole.pl\/newsite\/wp-json\/wp\/v2\/media\/1750"}],"wp:attachment":[{"href":"https:\/\/automobilklub.opole.pl\/newsite\/wp-json\/wp\/v2\/media?parent=1822"}],"wp:term":[{"taxonomy":"category","embeddable":true,"href":"https:\/\/automobilklub.opole.pl\/newsite\/wp-json\/wp\/v2\/categories?post=1822"},{"taxonomy":"post_tag","embeddable":true,"href":"https:\/\/automobilklub.opole.pl\/newsite\/wp-json\/wp\/v2\/tags?post=1822"}],"curies":[{"name":"wp","href":"https:\/\/api.w.org\/{rel}","templated":true}]}}