{"id":1690,"date":"2026-02-18T15:40:41","date_gmt":"2026-02-18T14:40:41","guid":{"rendered":"https:\/\/automobilklub.opole.pl\/newsite\/?p=1690"},"modified":"2026-02-25T11:31:11","modified_gmt":"2026-02-25T10:31:11","slug":"nocne-zmagania-po-raz-12","status":"publish","type":"post","link":"https:\/\/automobilklub.opole.pl\/newsite\/nocne-zmagania-po-raz-12\/","title":{"rendered":"Nocne zmagania po raz 12."},"content":{"rendered":"\n<p><strong>Ju\u017c od 35 lat cykl Kierowca Roku Opolszczyzny wy\u0142awia talenty, kt\u00f3re p\u00f3\u017aniej z sukcesami rywalizuj\u0105 na odcinkach specjalnych w Polsce i za granic\u0105, a tak\u017ce daje kierowcom mo\u017cliwo\u015b\u0107 rozwijania swoich umiej\u0119tno\u015bci prowadzenia samochodu w bezpiecznych warunkach. Kolejna edycja najstarszego rajdowego cyklu na Opolszczy\u017anie rozpocznie si\u0119 28 lutego 2026 r., kiedy to zostanie rozegrana 12. edycja Nocnego Super OES-u, kt\u00f3ry tradycyjnie odb\u0119dzie si\u0119 na terenie Autodromu DELTA w Polskiej Nowej Wsi przy ul. Ko\u015bcielnej 55.<\/strong><\/p>\n\n\n\n<figure class=\"wp-block-image size-large\"><img loading=\"lazy\" decoding=\"async\" width=\"724\" height=\"1024\" src=\"https:\/\/automobilklub.opole.pl\/wp-content\/uploads\/2026\/02\/Plakat-12.-Nocny-Super-OES-2026-1-724x1024.jpg\" alt=\"\" class=\"wp-image-1699\" srcset=\"https:\/\/automobilklub.opole.pl\/wp-content\/uploads\/2026\/02\/Plakat-12.-Nocny-Super-OES-2026-1-724x1024.jpg 724w, https:\/\/automobilklub.opole.pl\/wp-content\/uploads\/2026\/02\/Plakat-12.-Nocny-Super-OES-2026-1-212x300.jpg 212w, https:\/\/automobilklub.opole.pl\/wp-content\/uploads\/2026\/02\/Plakat-12.-Nocny-Super-OES-2026-1-768x1087.jpg 768w, https:\/\/automobilklub.opole.pl\/wp-content\/uploads\/2026\/02\/Plakat-12.-Nocny-Super-OES-2026-1-1086x1536.jpg 1086w, https:\/\/automobilklub.opole.pl\/wp-content\/uploads\/2026\/02\/Plakat-12.-Nocny-Super-OES-2026-1-1448x2048.jpg 1448w, https:\/\/automobilklub.opole.pl\/wp-content\/uploads\/2026\/02\/Plakat-12.-Nocny-Super-OES-2026-1.jpg 1767w\" sizes=\"auto, (max-width: 724px) 100vw, 724px\" \/><\/figure>\n\n\n\n<p>W tym roku kierowcy startuj\u0105cy w cyklu KRO 2026 b\u0119d\u0105 rywalizowali w pi\u0119ciu klasach:<br>&#8211; <strong>Klasa 1<\/strong> dedykowana dla samochod\u00f3w z nap\u0119dem na cztery ko\u0142a (4WD),<br>&#8211; <strong>Klasa 2<\/strong> dla aut z nap\u0119dem na jedn\u0105 o\u015b (2WD) z silnikami powy\u017cej 2000 cm<sup>3<\/sup>,<br>&#8211; <strong>Klasa 3<\/strong> dla aut z nap\u0119dem na jedn\u0105 o\u015b (2WD) z silnikami do 2000 cm<sup>3<\/sup>,<br>&#8211; <strong>Klasa 4<\/strong> dla aut z nap\u0119dem na jedn\u0105 o\u015b (2WD) z silnikami do 1600 cm<sup>3<\/sup>,<br>&#8211; <strong>Klasa 5<\/strong> dla aut z nap\u0119dem na jedn\u0105 o\u015b (2WD) z silnikami do 1200 cm<sup>3<\/sup>.<\/p>\n\n\n\n<p>W poszczeg\u00f3lnych rundach mog\u0105 tak\u017ce zg\u0142asza\u0107 si\u0119 zawodnicy posiadaj\u0105cy aktywn\u0105 w roku ubieg\u0142ym lub w roku bie\u017c\u0105cym licencj\u0119 kierowcy sportu samochodowego, kt\u00f3rzy b\u0119d\u0105 rywalizowali w klasie <strong>PRO<\/strong>. Od tego roku jest mo\u017cliwo\u015b\u0107 startu jednym samochodem przez dwie za\u0142ogi, a jedna osoba mo\u017ce si\u0119 zg\u0142osi\u0107 do zawod\u00f3w dwukrotnie, lecz tylko raz jako kierowca i\/lub pilot.<\/p>\n\n\n\n<p>Od 2014 roku Nocny Super OES jest niezmiennym punktem w kalendarzu imprez Automobilklubu Opolskiego, kt\u00f3ry (za wyj\u0105tkiem 7. edycji w 2019 roku) za ka\u017cdym razem rozpoczyna sezon w danym roku kalendarzowym, a tylko raz (w 2018 roku) odby\u0142 si\u0119 w Rzepczach. W tej imprezie najwa\u017cniejszym czynnikiem jest umiej\u0119tno\u015b\u0107 jazdy w warunkach ograniczonej widoczno\u015bci oraz szybkie reagowanie na dan\u0105 sytuacj\u0119 pojawiaj\u0105ce si\u0119 w pryzmacie \u015bwiate\u0142 samochodu. W tym roku na startuj\u0105cych czeka odmieniona pr\u00f3ba sprawno\u015bciowa PS Delta o nawierzchni asfaltowej maj\u0105ca d\u0142ugo\u015b\u0107 2 km, kt\u00f3ra b\u0119dzie przeje\u017cd\u017cana czterokrotnie. Rozpocz\u0119cie pierwszego przejazdu planowane jest na godzin\u0119 15:00.<\/p>\n\n\n\n<p>Zapisy ju\u017c si\u0119 rozpocz\u0119\u0142y i potrwaj\u0105 do pi\u0105tku (27 lutego) do godziny 19:59 w\u0142\u0105cznie. Do obsadzenia czeka 40 miejsc na li\u015bcie zg\u0142osze\u0144.<\/p>\n\n\n\n<p>Do udzia\u0142u w imprezie zapraszamy wszystkich kierowc\u00f3w, kt\u00f3rzy maj\u0105 uko\u0144czone 18 lat (piloci mog\u0105 mie\u0107 17 lat, ale w biurze imprezy musz\u0105 przed\u0142o\u017cy\u0107 podpisan\u0105 zgod\u0119 opiekuna prawnego na udzia\u0142 w zawodach) i prawo jazdy kategorii B oraz samoch\u00f3d z aktualnym ubezpieczeniem OC i przegl\u0105dem technicznym, a tak\u017ce innymi dokumentami dopuszczaj\u0105cymi pojazd do ruchu drogowego, lub innymi dokumentami pozwalaj\u0105cymi na start w zawodach, wed\u0142ug nowych przepis\u00f3w na ten rok.<\/p>\n\n\n\n<p>Serdecznie zapraszamy tak\u017ce mi\u0142o\u015bnik\u00f3w sportu motorowego i nie tylko do obserwowania zmaga\u0144 Uczestnik\u00f3w na terenie Autodromu DELTA w Polskiej Nowej Wsi przy ul. Ko\u015bcielnej 55!<\/p>\n\n\n\n<p>Wi\u0119cej informacji mo\u017cna znale\u017a\u0107 w&nbsp;<a rel=\"noreferrer noopener\" href=\"https:\/\/www.facebook.com\/events\/1222679529251258\" target=\"_blank\">wydarzeniu imprezy<\/a>&nbsp;na Facebooku oraz pod numerem telefonu&nbsp;<a href=\"tel:+48601745919\">601&nbsp;745&nbsp;919<\/a>.<\/p>\n\n\n\n<p><a href=\"https:\/\/automobilklub.opole.pl\/wp-content\/uploads\/2026\/02\/Regulamin-Uzupelniajacy-12.-Nocny-Super-OES-2026.pdf\" target=\"_blank\" rel=\"noreferrer noopener\">Regulamin Uzupe\u0142niaj\u0105cy 12. Nocnego Super OES-u<\/a><\/p>\n\n\n\n<p><a href=\"https:\/\/automobilklub.opole.pl\/wp-content\/uploads\/2026\/02\/Komunikat-Dyrektora-nr-1.1.-12.-Nocny-Super-OES-2026.pdf\" target=\"_blank\" rel=\"noreferrer noopener\">Komunikat Dyrektora nr 1.1.<\/a><\/p>\n\n\n\n<p><a href=\"https:\/\/automobilklub.opole.pl\/wp-content\/uploads\/2026\/02\/Komunikat-Dyrektora-nr-1.2.-12.-Nocny-Super-OES-2026.pdf\" target=\"_blank\" rel=\"noreferrer noopener\">Komunikat Dyrektora nr 1.2.<\/a><\/p>\n\n\n\n<p><a href=\"https:\/\/automobilklub.opole.pl\/wp-content\/uploads\/2026\/02\/Formularz-Zgloszeniowy-12.-Nocny-Super-OES-2026.docx\" target=\"_blank\" rel=\"noreferrer noopener\">Formularz zg\u0142oszeniowy<\/a><\/p>\n\n\n\n<p><a href=\"https:\/\/automobilklub.opole.pl\/wp-content\/uploads\/2026\/02\/Regulamin-Ramowy-KRO-2026.pdf\" target=\"_blank\" rel=\"noreferrer noopener\">Regulamin Ramowy KRO na rok 2026<\/a><\/p>\n\n\n\n<p><a href=\"https:\/\/pzm.pl\/pliki\/zg\/samochody\/2026\/regulaminy\/04_ais_2026-wersja-na-dzien-2026.01.17.pdf\" target=\"_blank\" rel=\"noreferrer noopener\">Regulamin Ramowy AIS na rok 2026<\/a><\/p>\n","protected":false},"excerpt":{"rendered":"<p>Zapowied\u017a 12. Nocnego Super OES-u Polska Nowa Wie\u015b, pierwszej rundy cyklu Kierowca Roku Opolszczyzny w sezonie 2026, kt\u00f3ra odb\u0119dzie si\u0119 w sobot\u0119, 28 lutego 2026 roku.<\/p>\n","protected":false},"author":2,"featured_media":1691,"comment_status":"closed","ping_status":"closed","sticky":false,"template":"","format":"standard","meta":{"footnotes":""},"categories":[11,17],"tags":[],"class_list":["post-1690","post","type-post","status-publish","format-standard","has-post-thumbnail","hentry","category-aktualnosci","category-kro"],"_links":{"self":[{"href":"https:\/\/automobilklub.opole.pl\/newsite\/wp-json\/wp\/v2\/posts\/1690","targetHints":{"allow":["GET"]}}],"collection":[{"href":"https:\/\/automobilklub.opole.pl\/newsite\/wp-json\/wp\/v2\/posts"}],"about":[{"href":"https:\/\/automobilklub.opole.pl\/newsite\/wp-json\/wp\/v2\/types\/post"}],"author":[{"embeddable":true,"href":"https:\/\/automobilklub.opole.pl\/newsite\/wp-json\/wp\/v2\/users\/2"}],"replies":[{"embeddable":true,"href":"https:\/\/automobilklub.opole.pl\/newsite\/wp-json\/wp\/v2\/comments?post=1690"}],"version-history":[{"count":3,"href":"https:\/\/automobilklub.opole.pl\/newsite\/wp-json\/wp\/v2\/posts\/1690\/revisions"}],"predecessor-version":[{"id":1707,"href":"https:\/\/automobilklub.opole.pl\/newsite\/wp-json\/wp\/v2\/posts\/1690\/revisions\/1707"}],"wp:featuredmedia":[{"embeddable":true,"href":"https:\/\/automobilklub.opole.pl\/newsite\/wp-json\/wp\/v2\/media\/1691"}],"wp:attachment":[{"href":"https:\/\/automobilklub.opole.pl\/newsite\/wp-json\/wp\/v2\/media?parent=1690"}],"wp:term":[{"taxonomy":"category","embeddable":true,"href":"https:\/\/automobilklub.opole.pl\/newsite\/wp-json\/wp\/v2\/categories?post=1690"},{"taxonomy":"post_tag","embeddable":true,"href":"https:\/\/automobilklub.opole.pl\/newsite\/wp-json\/wp\/v2\/tags?post=1690"}],"curies":[{"name":"wp","href":"https:\/\/api.w.org\/{rel}","templated":true}]}}