{"id":1332,"date":"2024-03-30T10:03:36","date_gmt":"2024-03-30T09:03:36","guid":{"rendered":"https:\/\/automobilklub.opole.pl\/newsite\/?p=1332"},"modified":"2024-03-30T10:03:37","modified_gmt":"2024-03-30T09:03:37","slug":"zyczenia-wielkanocne-2","status":"publish","type":"post","link":"https:\/\/automobilklub.opole.pl\/newsite\/zyczenia-wielkanocne-2\/","title":{"rendered":"\u017byczenia Wielkanocne"},"content":{"rendered":"\n<p>Zdrowych, Pogodnych, Rodzinnych, Spokojnych i Pi\u0119knych \u015awi\u0105t Wielkanocnych pe\u0142nych mi\u0142o\u015bci i rado\u015bci oraz najwspanialszych moment\u00f3w sp\u0119dzonych wraz z Rodzin\u0105 i Najbli\u017cszymi \u017cycz\u0105 Zarz\u0105d i Cz\u0142onkowie Automobilklubu Opolskiego.<\/p>\n\n\n\n<p>Niech \u015awi\u0119ta Wielkanocne sprawi\u0105, \u017ce wszyscy b\u0119dziemy szerzy\u0107 dobro ka\u017cdego dnia, nie tylko od \u015bwi\u0119ta, a relacje rodzinne i mi\u0119dzyludzkie b\u0119d\u0105 pe\u0142ne serdeczno\u015bci i mi\u0142o\u015bci.<\/p>\n","protected":false},"excerpt":{"rendered":"<p>\u017byczenia z okazji \u015awi\u0105t Wielkanocnych od Zarz\u0105du i Cz\u0142onk\u00f3w Automobilklubu Opolskiego.<\/p>\n","protected":false},"author":2,"featured_media":1333,"comment_status":"closed","ping_status":"closed","sticky":false,"template":"","format":"standard","meta":{"footnotes":""},"categories":[15],"tags":[],"class_list":["post-1332","post","type-post","status-publish","format-standard","has-post-thumbnail","hentry","category-klub"],"_links":{"self":[{"href":"https:\/\/automobilklub.opole.pl\/newsite\/wp-json\/wp\/v2\/posts\/1332","targetHints":{"allow":["GET"]}}],"collection":[{"href":"https:\/\/automobilklub.opole.pl\/newsite\/wp-json\/wp\/v2\/posts"}],"about":[{"href":"https:\/\/automobilklub.opole.pl\/newsite\/wp-json\/wp\/v2\/types\/post"}],"author":[{"embeddable":true,"href":"https:\/\/automobilklub.opole.pl\/newsite\/wp-json\/wp\/v2\/users\/2"}],"replies":[{"embeddable":true,"href":"https:\/\/automobilklub.opole.pl\/newsite\/wp-json\/wp\/v2\/comments?post=1332"}],"version-history":[{"count":1,"href":"https:\/\/automobilklub.opole.pl\/newsite\/wp-json\/wp\/v2\/posts\/1332\/revisions"}],"predecessor-version":[{"id":1334,"href":"https:\/\/automobilklub.opole.pl\/newsite\/wp-json\/wp\/v2\/posts\/1332\/revisions\/1334"}],"wp:featuredmedia":[{"embeddable":true,"href":"https:\/\/automobilklub.opole.pl\/newsite\/wp-json\/wp\/v2\/media\/1333"}],"wp:attachment":[{"href":"https:\/\/automobilklub.opole.pl\/newsite\/wp-json\/wp\/v2\/media?parent=1332"}],"wp:term":[{"taxonomy":"category","embeddable":true,"href":"https:\/\/automobilklub.opole.pl\/newsite\/wp-json\/wp\/v2\/categories?post=1332"},{"taxonomy":"post_tag","embeddable":true,"href":"https:\/\/automobilklub.opole.pl\/newsite\/wp-json\/wp\/v2\/tags?post=1332"}],"curies":[{"name":"wp","href":"https:\/\/api.w.org\/{rel}","templated":true}]}}