{"id":1303,"date":"2024-02-19T20:41:03","date_gmt":"2024-02-19T19:41:03","guid":{"rendered":"https:\/\/automobilklub.opole.pl\/newsite\/?p=1303"},"modified":"2024-02-19T20:41:03","modified_gmt":"2024-02-19T19:41:03","slug":"zmarl-janusz-rzasa","status":"publish","type":"post","link":"https:\/\/automobilklub.opole.pl\/newsite\/zmarl-janusz-rzasa\/","title":{"rendered":"Zmar\u0142 Janusz Rz\u0105sa"},"content":{"rendered":"\n<p>Z \u017calem zawiadamiamy, \u017ce w dniu 15 lutego 2024 r. zmar\u0142 nasz Kolega Janusz Rz\u0105sa.<\/p>\n\n\n\n<p>Przez kilkadziesi\u0105t lat by\u0142 aktywnym cz\u0142onkiem Automobilklubu Opolskiego. Najpierw startowa\u0142 jako pilot naszego czo\u0142owego Zawodnika Andrzeja Gogulskuego, a nast\u0119pnie dzia\u0142a\u0142 jako s\u0119dzia na naszych imprezach, m.in. jako organizator Rajdu Festiwalowego czy imprez BRD.<\/p>\n\n\n\n<p>Rodzinie, Najbli\u017cszym i Znajomym Janusza Rz\u0105sy sk\u0142adamy najg\u0142\u0119bsze wyrazy wsp\u00f3\u0142czucia.<\/p>\n\n\n\n<p>Msza \u015bw. \u017ca\u0142obna odb\u0119dzie si\u0119 we wtorek, 20 lutego 2024 r. o godz. 13:00 w nowej kaplicy na cmentarzu Opole P\u00f3\u0142wie\u015b. Po mszy \u015bw. odb\u0119dzie si\u0119 ceremonia pogrzebowa.<\/p>\n","protected":false},"excerpt":{"rendered":"<p>Z \u017calem zawiadamiamy, \u017ce w dniu 15 lutego 2024 r. zmar\u0142 nasz Kolega Janusz Rz\u0105sa.<\/p>\n","protected":false},"author":2,"featured_media":1304,"comment_status":"closed","ping_status":"closed","sticky":false,"template":"","format":"standard","meta":{"footnotes":""},"categories":[15],"tags":[],"class_list":["post-1303","post","type-post","status-publish","format-standard","has-post-thumbnail","hentry","category-klub"],"_links":{"self":[{"href":"https:\/\/automobilklub.opole.pl\/newsite\/wp-json\/wp\/v2\/posts\/1303","targetHints":{"allow":["GET"]}}],"collection":[{"href":"https:\/\/automobilklub.opole.pl\/newsite\/wp-json\/wp\/v2\/posts"}],"about":[{"href":"https:\/\/automobilklub.opole.pl\/newsite\/wp-json\/wp\/v2\/types\/post"}],"author":[{"embeddable":true,"href":"https:\/\/automobilklub.opole.pl\/newsite\/wp-json\/wp\/v2\/users\/2"}],"replies":[{"embeddable":true,"href":"https:\/\/automobilklub.opole.pl\/newsite\/wp-json\/wp\/v2\/comments?post=1303"}],"version-history":[{"count":1,"href":"https:\/\/automobilklub.opole.pl\/newsite\/wp-json\/wp\/v2\/posts\/1303\/revisions"}],"predecessor-version":[{"id":1305,"href":"https:\/\/automobilklub.opole.pl\/newsite\/wp-json\/wp\/v2\/posts\/1303\/revisions\/1305"}],"wp:featuredmedia":[{"embeddable":true,"href":"https:\/\/automobilklub.opole.pl\/newsite\/wp-json\/wp\/v2\/media\/1304"}],"wp:attachment":[{"href":"https:\/\/automobilklub.opole.pl\/newsite\/wp-json\/wp\/v2\/media?parent=1303"}],"wp:term":[{"taxonomy":"category","embeddable":true,"href":"https:\/\/automobilklub.opole.pl\/newsite\/wp-json\/wp\/v2\/categories?post=1303"},{"taxonomy":"post_tag","embeddable":true,"href":"https:\/\/automobilklub.opole.pl\/newsite\/wp-json\/wp\/v2\/tags?post=1303"}],"curies":[{"name":"wp","href":"https:\/\/api.w.org\/{rel}","templated":true}]}}